{"id":1353,"date":"2017-06-28T23:20:25","date_gmt":"2017-06-28T23:20:25","guid":{"rendered":"http:\/\/www.juanvelarde26.es\/?p=1353"},"modified":"2025-02-12T07:16:41","modified_gmt":"2025-02-12T07:16:41","slug":"la-vanguardia-articulo-el-circuito-de-budapest-es-espectacular-el-mas-bonito","status":"publish","type":"post","link":"http:\/\/www.juanvelarde26.com\/en\/2017\/06\/la-vanguardia-articulo-el-circuito-de-budapest-es-espectacular-el-mas-bonito\/","title":{"rendered":"La Vanguardia \u2013 Article: The circuit in Budapest is spectacular&#8230; the most beautiful"},"content":{"rendered":"<h2><a href=\"http:\/\/www.lavanguardia.com\/deportes\/20170628\/423749522759\/velarde-el-circuito-de-budapest-es-espectacular-el-mas-bonito.html\">Click here to read the article in La Vanguardia website<\/a><\/h2>\n<p>&nbsp;<\/p>\n<p>Redacci\u00f3n deportes, 28 jun (EFE).- El piloto espa\u00f1ol Juan Velarde, s\u00e9ptimo en el Mundial de vuelo de aviaci\u00f3n deportiva, declar\u00f3 que &#8220;el circuito de Budapest&#8221;, que albergar\u00e1 este fin de semana la cuarta prueba del campeonato, &#8220;es espectacular&#8221; y lo considera &#8220;el m\u00e1s bonito de la temporada&#8221;.<\/p>\n<p>Velarde, s\u00e9ptimo en el certamen, con trece puntos -17 menos que el japon\u00e9s Yohihide Muroya, que lidera con los mismos puntos que el checo Martin Sonka- se refiri\u00f3 de esta forma a uno de los circuitos m\u00e1s estrechos de la campa\u00f1a, dise\u00f1ado sobre el r\u00edo Danubio en un bello marco que incluye el Parlamento y el legendario Puente de las Cadenas de la capital h\u00fangara.<\/p>\n<p>El piloto madrile\u00f1o gan\u00f3 el a\u00f1o pasado su enfrentamiento de primera ronda y est\u00e1 convencido de que, con trabajo, se puede conseguir un buen resultado en Budapest, adonde lleg\u00f3 este mi\u00e9rcoles despu\u00e9s de estar tres jornadas entren\u00e1ndose en un aer\u00f3dromo al sur de Hungr\u00eda para afrontar con garant\u00edas la cuarta carrera de la &#8216;Red Bull Air Race&#8217;, en la que el checo Sonka gan\u00f3 la prueba inaugural, en Abu Dabi (Emiratos \u00c1rabes Unidos); y el japon\u00e9s Muroya las dos siguientes, en San Diego (EEUU) y en Chiba (Jap\u00f3n).<\/p>\n<p>&#8220;Durante estos d\u00edas estuvimos practicando t\u00e9cnica y, sobre todo, hicimos horas de vuelo. Probamos unos sistemas nuevos que queremos implementar en el avi\u00f3n, as\u00ed que llego a la carrera en buena forma y muy motivado. Podemos hacer un buen resultado&#8221;, indic\u00f3, en declaraciones difundidas por la organizaci\u00f3n, Velarde, al que le gusta el circuito de competici\u00f3n de este fin de semana.<\/p>\n<p>&#8220;El circuito de Budapest es espectacular. Para m\u00ed es el m\u00e1s bonito de toda la temporada. El a\u00f1o pasado empezamos muy bien, ganando la ronda de 14 y creo que realmente podemos recuperar la confianza y volver a tener un resultado bueno&#8221;, opin\u00f3.<\/p>\n<p>&#8220;El trazado es bastante r\u00e1pido. Al ser muy estrecho, puesto que tenemos que volar por encima del Danubio, s\u00f3lo tenemos tres virajes fuertes de altos G&#8217;s (de alta fuerza gravitatoria)&#8221;, dijo el piloto espa\u00f1ol.<\/p>\n<p>&#8220;Uno de ellos es un giro vertical en el extremo sur del circuito. En el extremo norte, vamos a tener dos giros m\u00e1s inclinados, oblicuos, pero de altos G&#8217;s. Al ser tan r\u00e1pido, el reto va a ser no sobrepasar el l\u00edmite de G&#8217;s en estos virajes. Va a ser determinante, porque vamos a llegar a bastante velocidad&#8221;, explic\u00f3 Velarde.<\/p>\n<p>Budapest albergar\u00e1 este fin de semana la cuarta prueba de un campeonato que se reanudar\u00e1 el 23 de julio en Kaz\u00e1n (Rusia) y que concluir\u00e1 el 15 de octubre en Indian\u00e1polis (EEUU), despu\u00e9s de las dos carreras que habr\u00e1 en septiembre: el d\u00eda 3 de ese mes, en Oporto (Portugal); y el 17, en Lausitz (Alemania).<\/p>\n<p>Muroya lidera el Mundial con 30 puntos, los mismos que Sonka, pero con una victoria m\u00e1s que el checo, en un certamen en el que alem\u00e1n Matthias Dolderer, campe\u00f3n mundial el a\u00f1o pasado, es tercero, con 23; y el chileno Cristian Bolton, duod\u00e9cimo, con 4.<\/p>\n<p>&#8211; Clasificaci\u00f3n del Mundial de vuelo:<\/p>\n<p>.1. Martin Sonka (RCH) 30 puntos<\/p>\n<p>.2. Yoshihide Muroya (JAP) 30<\/p>\n<p>.3. Matthias Dolderer (GER) 23<\/p>\n<p>.4. Petr Kopfstein (SLO) 17<\/p>\n<p>.5. Pete McLeod (CAN) 14<\/p>\n<p>&#8230;<\/p>\n<p>.7. Juan Velarde (ESP) 13<\/p>\n<p>12. Cristian Bolton (CHI) 4. EFE<\/p>\n<p>sd\/arh","protected":false},"excerpt":{"rendered":"<p>Click here to read the article in La Vanguardia website &nbsp; Redacci\u00f3n deportes, 28 jun (EFE).- El piloto espa\u00f1ol Juan Velarde, s\u00e9ptimo en el Mundial de vuelo de aviaci\u00f3n deportiva, declar\u00f3 que &#8220;el circuito de Budapest&#8221;, que albergar\u00e1 este fin de semana la cuarta prueba del campeonato, &#8220;es espectacular&#8221; y lo considera &#8220;el m\u00e1s bonito [&hellip;]<\/p>\n","protected":false},"author":1,"featured_media":1300,"comment_status":"open","ping_status":"open","sticky":false,"template":"","format":"standard","meta":[],"categories":[17,20,19,18],"tags":[],"_links":{"self":[{"href":"http:\/\/www.juanvelarde26.com\/en\/wp-json\/wp\/v2\/posts\/1353"}],"collection":[{"href":"http:\/\/www.juanvelarde26.com\/en\/wp-json\/wp\/v2\/posts"}],"about":[{"href":"http:\/\/www.juanvelarde26.com\/en\/wp-json\/wp\/v2\/types\/post"}],"author":[{"embeddable":true,"href":"http:\/\/www.juanvelarde26.com\/en\/wp-json\/wp\/v2\/users\/1"}],"replies":[{"embeddable":true,"href":"http:\/\/www.juanvelarde26.com\/en\/wp-json\/wp\/v2\/comments?post=1353"}],"version-history":[{"count":1,"href":"http:\/\/www.juanvelarde26.com\/en\/wp-json\/wp\/v2\/posts\/1353\/revisions"}],"predecessor-version":[{"id":1354,"href":"http:\/\/www.juanvelarde26.com\/en\/wp-json\/wp\/v2\/posts\/1353\/revisions\/1354"}],"wp:featuredmedia":[{"embeddable":true,"href":"http:\/\/www.juanvelarde26.com\/en\/wp-json\/wp\/v2\/media\/1300"}],"wp:attachment":[{"href":"http:\/\/www.juanvelarde26.com\/en\/wp-json\/wp\/v2\/media?parent=1353"}],"wp:term":[{"taxonomy":"category","embeddable":true,"href":"http:\/\/www.juanvelarde26.com\/en\/wp-json\/wp\/v2\/categories?post=1353"},{"taxonomy":"post_tag","embeddable":true,"href":"http:\/\/www.juanvelarde26.com\/en\/wp-json\/wp\/v2\/tags?post=1353"}],"curies":[{"name":"wp","href":"https:\/\/api.w.org\/{rel}","templated":true}]}}