{"id":2539,"date":"2022-04-25T13:19:00","date_gmt":"2022-04-25T13:19:00","guid":{"rendered":"http:\/\/www.juanvelarde26.com\/?p=2539"},"modified":"2025-02-12T07:13:27","modified_gmt":"2025-02-12T07:13:27","slug":"juan-velarde-vuela-en-centimetros-cubicos","status":"publish","type":"post","link":"http:\/\/www.juanvelarde26.com\/en\/2022\/04\/juan-velarde-vuela-en-centimetros-cubicos\/","title":{"rendered":"Juan Velarde vuela en Cent\u00edmetros C\u00fabicos"},"content":{"rendered":"\n<p>Borja Urteaga, redactor del programa de motor de Atresmedia Cent\u00edmetros C\u00fabicos entrevista y vuela con Juan Velarde.<\/p>\n\n\n\n<p>Juan Velarde abri\u00f3 las puertas de su hangar para acoger el programa de Atresmedia Cent\u00edmetros C\u00fabicos. Borja Urteaga pudo entrevistar al piloto madrile\u00f1o, que hizo un repaso a su carrera y coment\u00f3 sus planes presentes y futuros, entre los que se incluye el nuevo Campeonato del Mundo de Air Race.<\/p>\n\n\n\n<p>No te pierdas el v\u00eddeo completo aqu\u00ed:<\/p>\n\n\n\n<figure class=\"wp-block-embed is-type-video is-provider-youtube wp-block-embed-youtube wp-embed-aspect-16-9 wp-has-aspect-ratio\"><div class=\"wp-block-embed__wrapper\">\n<iframe loading=\"lazy\" title=\"Juan Velarde en el programa Cent\u00edmetros C\u00fabicos\" width=\"500\" height=\"281\" src=\"https:\/\/www.youtube.com\/embed\/4tJY7Cw0mnk?feature=oembed\" frameborder=\"0\" allow=\"accelerometer; autoplay; clipboard-write; encrypted-media; gyroscope; picture-in-picture\" allowfullscreen><\/iframe>\n<\/div><\/figure>\n","protected":false},"excerpt":{"rendered":"<p>Borja Urteaga, redactor del programa de motor de Atresmedia Cent\u00edmetros C\u00fabicos entrevista y vuela con Juan Velarde.<\/p>\n","protected":false},"author":1,"featured_media":2543,"comment_status":"open","ping_status":"open","sticky":false,"template":"","format":"standard","meta":[],"categories":[17,20,19,18],"tags":[178,177,21,179,145,180,45],"_links":{"self":[{"href":"http:\/\/www.juanvelarde26.com\/en\/wp-json\/wp\/v2\/posts\/2539"}],"collection":[{"href":"http:\/\/www.juanvelarde26.com\/en\/wp-json\/wp\/v2\/posts"}],"about":[{"href":"http:\/\/www.juanvelarde26.com\/en\/wp-json\/wp\/v2\/types\/post"}],"author":[{"embeddable":true,"href":"http:\/\/www.juanvelarde26.com\/en\/wp-json\/wp\/v2\/users\/1"}],"replies":[{"embeddable":true,"href":"http:\/\/www.juanvelarde26.com\/en\/wp-json\/wp\/v2\/comments?post=2539"}],"version-history":[{"count":1,"href":"http:\/\/www.juanvelarde26.com\/en\/wp-json\/wp\/v2\/posts\/2539\/revisions"}],"predecessor-version":[{"id":2544,"href":"http:\/\/www.juanvelarde26.com\/en\/wp-json\/wp\/v2\/posts\/2539\/revisions\/2544"}],"wp:featuredmedia":[{"embeddable":true,"href":"http:\/\/www.juanvelarde26.com\/en\/wp-json\/wp\/v2\/media\/2543"}],"wp:attachment":[{"href":"http:\/\/www.juanvelarde26.com\/en\/wp-json\/wp\/v2\/media?parent=2539"}],"wp:term":[{"taxonomy":"category","embeddable":true,"href":"http:\/\/www.juanvelarde26.com\/en\/wp-json\/wp\/v2\/categories?post=2539"},{"taxonomy":"post_tag","embeddable":true,"href":"http:\/\/www.juanvelarde26.com\/en\/wp-json\/wp\/v2\/tags?post=2539"}],"curies":[{"name":"wp","href":"https:\/\/api.w.org\/{rel}","templated":true}]}}