{"id":2676,"date":"2022-07-24T21:35:00","date_gmt":"2022-07-24T21:35:00","guid":{"rendered":"http:\/\/www.juanvelarde26.com\/?p=2676"},"modified":"2025-02-17T23:18:14","modified_gmt":"2025-02-17T23:18:14","slug":"juan-velarde-ofrecio-una-exhibicion-de-vuelo-acrobatico-en-el-festival-aereo-de-gijon","status":"publish","type":"post","link":"http:\/\/www.juanvelarde26.com\/en\/2022\/07\/juan-velarde-ofrecio-una-exhibicion-de-vuelo-acrobatico-en-el-festival-aereo-de-gijon\/","title":{"rendered":"Juan Velarde ofreci\u00f3 una exhibici\u00f3n de vuelo acrob\u00e1tico en el Festival A\u00e9reo de Gij\u00f3n"},"content":{"rendered":"\n<p>El pasado <strong>24 de julio<\/strong> se celebr\u00f3 el <strong>Festival A\u00e9reo de Gij\u00f3n<\/strong>. Como viene siendo habitual, el programa de actividades cont\u00f3 una vez m\u00e1s con la exhibici\u00f3n del piloto de velocidad y acrobacias a\u00e9reas <strong>Juan Velarde<\/strong>, que, a bordo del <strong>Extra 330 LX<\/strong>, deleit\u00f3 al p\u00fablico con un programa de vuelo <strong>freestyle<\/strong> que hizo las delicias de todos los asistentes.<\/p>\n\n\n\n<p>Adem\u00e1s del piloto madrile\u00f1o, el p\u00fablico pudo disfrutar de las exhibiciones de diferentes aeronaves y patrullas como: Bomberos de Asturias, Guardia Civil, Polic\u00eda Nacional, Patrulla Aspa, Formaci\u00f3n Quijote, F-18 Ej\u00e9rcito del Aire, Aerospark desde Reino Unido, Pioneer Team y Patrulla Garra.<\/p>\n","protected":false},"excerpt":{"rendered":"<p>El pasado 24 de julio se celebr\u00f3 el Festival A\u00e9reo de Gij\u00f3n. Como viene siendo habitual, el programa de actividades cont\u00f3 una vez m\u00e1s con la exhibici\u00f3n del piloto de velocidad y acrobacias a\u00e9reas Juan Velarde, que, a bordo del Extra 330 LX, deleit\u00f3 al p\u00fablico con un programa de vuelo freestyle que hizo las [&hellip;]<\/p>\n","protected":false},"author":1,"featured_media":2680,"comment_status":"open","ping_status":"open","sticky":false,"template":"","format":"standard","meta":[],"categories":[10],"tags":[48,97,80,190,21,45],"_links":{"self":[{"href":"http:\/\/www.juanvelarde26.com\/en\/wp-json\/wp\/v2\/posts\/2676"}],"collection":[{"href":"http:\/\/www.juanvelarde26.com\/en\/wp-json\/wp\/v2\/posts"}],"about":[{"href":"http:\/\/www.juanvelarde26.com\/en\/wp-json\/wp\/v2\/types\/post"}],"author":[{"embeddable":true,"href":"http:\/\/www.juanvelarde26.com\/en\/wp-json\/wp\/v2\/users\/1"}],"replies":[{"embeddable":true,"href":"http:\/\/www.juanvelarde26.com\/en\/wp-json\/wp\/v2\/comments?post=2676"}],"version-history":[{"count":1,"href":"http:\/\/www.juanvelarde26.com\/en\/wp-json\/wp\/v2\/posts\/2676\/revisions"}],"predecessor-version":[{"id":2681,"href":"http:\/\/www.juanvelarde26.com\/en\/wp-json\/wp\/v2\/posts\/2676\/revisions\/2681"}],"wp:featuredmedia":[{"embeddable":true,"href":"http:\/\/www.juanvelarde26.com\/en\/wp-json\/wp\/v2\/media\/2680"}],"wp:attachment":[{"href":"http:\/\/www.juanvelarde26.com\/en\/wp-json\/wp\/v2\/media?parent=2676"}],"wp:term":[{"taxonomy":"category","embeddable":true,"href":"http:\/\/www.juanvelarde26.com\/en\/wp-json\/wp\/v2\/categories?post=2676"},{"taxonomy":"post_tag","embeddable":true,"href":"http:\/\/www.juanvelarde26.com\/en\/wp-json\/wp\/v2\/tags?post=2676"}],"curies":[{"name":"wp","href":"https:\/\/api.w.org\/{rel}","templated":true}]}}