{"id":2694,"date":"2022-09-11T22:13:00","date_gmt":"2022-09-11T22:13:00","guid":{"rendered":"http:\/\/www.juanvelarde26.com\/?p=2694"},"modified":"2025-02-17T23:17:57","modified_gmt":"2025-02-17T23:17:57","slug":"exhibicion-de-juan-velarde-en-el-festival-torre-del-mar","status":"publish","type":"post","link":"http:\/\/www.juanvelarde26.com\/en\/2022\/09\/exhibicion-de-juan-velarde-en-el-festival-torre-del-mar\/","title":{"rendered":"Exhibici\u00f3n de Juan Velarde en el Festival Torre del Mar"},"content":{"rendered":"\n<p>Los pasados d\u00edas <strong>9, 10 y 11 de septiembre<\/strong> se celebr\u00f3 en <strong>V\u00e9lez-M\u00e1laga<\/strong> el Festival A\u00e9reo Internacional de Torre del Mar en el que <strong>Juan Velarde<\/strong> particip\u00f3 con una exhibici\u00f3n de <strong>vuelo acrob\u00e1tico<\/strong> a bordo de su <strong>Extra 330 LX<\/strong>.<\/p>\n\n\n\n<figure class=\"wp-block-embed is-type-video is-provider-youtube wp-block-embed-youtube wp-embed-aspect-16-9 wp-has-aspect-ratio\"><div class=\"wp-block-embed__wrapper\">\n<iframe loading=\"lazy\" title=\"Juan Velarde en el Festival Torre del Mar\" width=\"500\" height=\"281\" src=\"https:\/\/www.youtube.com\/embed\/0JDFAuv6-hU?feature=oembed\" frameborder=\"0\" allow=\"accelerometer; autoplay; clipboard-write; encrypted-media; gyroscope; picture-in-picture\" allowfullscreen><\/iframe>\n<\/div><\/figure>\n\n\n\n<p>Como todos los a\u00f1os, el festival de Torre del Mar fue un aut\u00e9ntico \u00e9xito de p\u00fablico. De hecho, la cifra oficial de asistentes ascendi\u00f3 a 290.000 personas.<\/p>\n\n\n\n<figure class=\"wp-block-image size-full\"><a href=\"http:\/\/www.juanvelarde26.com\/wp-content\/uploads\/2022\/09\/velarde-torredelmar3.jpeg\"><img loading=\"lazy\" width=\"800\" height=\"600\" src=\"http:\/\/www.juanvelarde26.com\/wp-content\/uploads\/2022\/09\/velarde-torredelmar3.jpeg\" alt=\"Festival A\u00e9reo Internacional de Torre del Mar\" class=\"wp-image-2699\" srcset=\"http:\/\/www.juanvelarde26.com\/wp-content\/uploads\/2022\/09\/velarde-torredelmar3.jpeg 800w, http:\/\/www.juanvelarde26.com\/wp-content\/uploads\/2022\/09\/velarde-torredelmar3-300x225.jpeg 300w, http:\/\/www.juanvelarde26.com\/wp-content\/uploads\/2022\/09\/velarde-torredelmar3-768x576.jpeg 768w\" sizes=\"(max-width: 800px) 100vw, 800px\" \/><\/a><\/figure>\n\n\n\n<p>Junto al piloto madrile\u00f1o, la parrilla de participantes estuvo formada por aut\u00e9nticos tesoros de la aviaci\u00f3n como el Swiss PC7 Team, Pioneer Team, la Patrulla Garra &#8211; Aeroclub Mar Menor, JacobStars, Jetsuit de Gravity Industries, Eurofighter-C16, Aerosparx y Aerodynamics Academy, entre otros.<\/p>\n","protected":false},"excerpt":{"rendered":"<p>Los pasados d\u00edas 9, 10 y 11 de septiembre se celebr\u00f3 en V\u00e9lez-M\u00e1laga el Festival A\u00e9reo Internacional de Torre del Mar en el que Juan Velarde particip\u00f3 con una exhibici\u00f3n de vuelo acrob\u00e1tico a bordo de su Extra 330 LX. Como todos los a\u00f1os, el festival de Torre del Mar fue un aut\u00e9ntico \u00e9xito de [&hellip;]<\/p>\n","protected":false},"author":1,"featured_media":2698,"comment_status":"open","ping_status":"open","sticky":false,"template":"","format":"standard","meta":[],"categories":[10],"tags":[48,80,21,168,196],"_links":{"self":[{"href":"http:\/\/www.juanvelarde26.com\/en\/wp-json\/wp\/v2\/posts\/2694"}],"collection":[{"href":"http:\/\/www.juanvelarde26.com\/en\/wp-json\/wp\/v2\/posts"}],"about":[{"href":"http:\/\/www.juanvelarde26.com\/en\/wp-json\/wp\/v2\/types\/post"}],"author":[{"embeddable":true,"href":"http:\/\/www.juanvelarde26.com\/en\/wp-json\/wp\/v2\/users\/1"}],"replies":[{"embeddable":true,"href":"http:\/\/www.juanvelarde26.com\/en\/wp-json\/wp\/v2\/comments?post=2694"}],"version-history":[{"count":3,"href":"http:\/\/www.juanvelarde26.com\/en\/wp-json\/wp\/v2\/posts\/2694\/revisions"}],"predecessor-version":[{"id":2719,"href":"http:\/\/www.juanvelarde26.com\/en\/wp-json\/wp\/v2\/posts\/2694\/revisions\/2719"}],"wp:featuredmedia":[{"embeddable":true,"href":"http:\/\/www.juanvelarde26.com\/en\/wp-json\/wp\/v2\/media\/2698"}],"wp:attachment":[{"href":"http:\/\/www.juanvelarde26.com\/en\/wp-json\/wp\/v2\/media?parent=2694"}],"wp:term":[{"taxonomy":"category","embeddable":true,"href":"http:\/\/www.juanvelarde26.com\/en\/wp-json\/wp\/v2\/categories?post=2694"},{"taxonomy":"post_tag","embeddable":true,"href":"http:\/\/www.juanvelarde26.com\/en\/wp-json\/wp\/v2\/tags?post=2694"}],"curies":[{"name":"wp","href":"https:\/\/api.w.org\/{rel}","templated":true}]}}