{"id":3005,"date":"2023-05-27T08:44:00","date_gmt":"2023-05-27T08:44:00","guid":{"rendered":"http:\/\/www.juanvelarde26.com\/?p=3005"},"modified":"2025-02-17T23:16:11","modified_gmt":"2025-02-17T23:16:11","slug":"los-pilotos-solidarios-volvieron-a-sacar-una-sonrisa-a-un-centenar-de-ninos-con-cancer","status":"publish","type":"post","link":"http:\/\/www.juanvelarde26.com\/en\/2023\/05\/los-pilotos-solidarios-volvieron-a-sacar-una-sonrisa-a-un-centenar-de-ninos-con-cancer\/","title":{"rendered":"Los pilotos solidarios volvieron a sacar una sonrisa a un centenar de ni\u00f1os con c\u00e1ncer"},"content":{"rendered":"\n<p>La ONG <strong>Aviaci\u00f3n Sin Fronteras <\/strong>organiz\u00f3 una jornada en el <strong>Aer\u00f3dromo de Casarrubios del Monte <\/strong>(Toledo) en la que varias asociaciones de ni\u00f1os con c\u00e1ncer pudieron disfrutar de una ma\u00f1ana aeron\u00e1utica de la mano de destacados pilotos espa\u00f1oles de vuelo acrob\u00e1tico.<\/p>\n\n\n\n<figure class=\"wp-block-image size-full\"><a href=\"http:\/\/www.juanvelarde26.com\/wp-content\/uploads\/2023\/06\/alas-de-la-sonrisa-juan-velarde-4.jpg\"><img loading=\"lazy\" width=\"800\" height=\"600\" src=\"http:\/\/www.juanvelarde26.com\/wp-content\/uploads\/2023\/06\/alas-de-la-sonrisa-juan-velarde-4.jpg\" alt=\"Alas de la Sonrisa - Juan Velarde\" class=\"wp-image-3012\" srcset=\"http:\/\/www.juanvelarde26.com\/wp-content\/uploads\/2023\/06\/alas-de-la-sonrisa-juan-velarde-4.jpg 800w, http:\/\/www.juanvelarde26.com\/wp-content\/uploads\/2023\/06\/alas-de-la-sonrisa-juan-velarde-4-300x225.jpg 300w, http:\/\/www.juanvelarde26.com\/wp-content\/uploads\/2023\/06\/alas-de-la-sonrisa-juan-velarde-4-768x576.jpg 768w\" sizes=\"(max-width: 800px) 100vw, 800px\" \/><\/a><\/figure>\n\n\n\n<p><strong>Juan Velarde<\/strong>, <strong>Campe\u00f3n de Espa\u00f1a de Vuelo Acrob\u00e1tico <\/strong>y <strong>Embajador de Aviaci\u00f3n Sin Fronteras<\/strong>, abri\u00f3 las puertas del hangar del Team Velarde para que los ni\u00f1os pudieran acercarse a los aviones del equipo de competici\u00f3n de vuelo acrob\u00e1tico y air race.<\/p>\n\n\n\n<figure class=\"wp-block-image size-full\"><a href=\"http:\/\/www.juanvelarde26.com\/wp-content\/uploads\/2023\/06\/alas-de-la-sonrisa-juan-velarde-2.jpg\"><img loading=\"lazy\" width=\"800\" height=\"600\" src=\"http:\/\/www.juanvelarde26.com\/wp-content\/uploads\/2023\/06\/alas-de-la-sonrisa-juan-velarde-2.jpg\" alt=\"\" class=\"wp-image-3010\" srcset=\"http:\/\/www.juanvelarde26.com\/wp-content\/uploads\/2023\/06\/alas-de-la-sonrisa-juan-velarde-2.jpg 800w, http:\/\/www.juanvelarde26.com\/wp-content\/uploads\/2023\/06\/alas-de-la-sonrisa-juan-velarde-2-300x225.jpg 300w, http:\/\/www.juanvelarde26.com\/wp-content\/uploads\/2023\/06\/alas-de-la-sonrisa-juan-velarde-2-768x576.jpg 768w\" sizes=\"(max-width: 800px) 100vw, 800px\" \/><\/a><\/figure>\n\n\n\n<p>Tras la visita al hangar, lleg\u00f3 el plato fuerte de la actividad: el entrenamiento de <strong>Juan Velarde <\/strong>y de varios pilotos acrob\u00e1ticos de \u00e9lite como <strong>Patrick Koch <\/strong>o <strong>Nico Goulet<\/strong>, <strong>miembros del Equipo de Vuelo Acrob\u00e1tico YAKSTARS de la Asociaci\u00f3n Jacob52 <\/strong>y <strong>C\u00e1stor Fantoba, Campe\u00f3n de Europa y miembro de Equipo Espa\u00f1ol de Vuelo Acrob\u00e1tico.<\/strong><\/p>\n\n\n\n<figure class=\"wp-block-embed is-type-video is-provider-youtube wp-block-embed-youtube wp-embed-aspect-16-9 wp-has-aspect-ratio\"><div class=\"wp-block-embed__wrapper\">\n<iframe loading=\"lazy\" title=\"Alas de la Sonrisa 2023 en TVE\" width=\"500\" height=\"281\" src=\"https:\/\/www.youtube.com\/embed\/4x4AZHBXsz8?feature=oembed\" frameborder=\"0\" allow=\"accelerometer; autoplay; clipboard-write; encrypted-media; gyroscope; picture-in-picture; web-share\" allowfullscreen><\/iframe>\n<\/div><\/figure>\n\n\n\n<p>Gracias a la colaboraci\u00f3n de la empresa <strong>Aviation Group,<\/strong> los chicos descubrieron lo que se siente a los mandos de un avi\u00f3n. Disfrutar\u00e1n del <strong>simulador est\u00e1tico de una Cessna 172 <\/strong>con instrumentaci\u00f3n EFIS que la empresa monta para uso y disfrute de los invitados.<\/p>\n\n\n\n<figure class=\"wp-block-image size-full\"><a href=\"http:\/\/www.juanvelarde26.com\/wp-content\/uploads\/2023\/06\/alas-de-la-sonrisa-juan-velarde-1.jpg\"><img loading=\"lazy\" width=\"800\" height=\"600\" src=\"http:\/\/www.juanvelarde26.com\/wp-content\/uploads\/2023\/06\/alas-de-la-sonrisa-juan-velarde-1.jpg\" alt=\"Alas de la Sonrisa - ASF\" class=\"wp-image-3009\" srcset=\"http:\/\/www.juanvelarde26.com\/wp-content\/uploads\/2023\/06\/alas-de-la-sonrisa-juan-velarde-1.jpg 800w, http:\/\/www.juanvelarde26.com\/wp-content\/uploads\/2023\/06\/alas-de-la-sonrisa-juan-velarde-1-300x225.jpg 300w, http:\/\/www.juanvelarde26.com\/wp-content\/uploads\/2023\/06\/alas-de-la-sonrisa-juan-velarde-1-768x576.jpg 768w\" sizes=\"(max-width: 800px) 100vw, 800px\" \/><\/a><\/figure>\n\n\n\n<p>Los chicos pudieron vivir una jornada de ocio familiar fuera de lo habitual. En un entorno seguro y al aire libre con <strong>m\u00e1s de 100 ni\u00f1os con c\u00e1ncer y sus familias <\/strong>pertenecientes a <strong>Fundaci\u00f3n ALADINA, Juntos Contra el C\u00e1ncer Infantil <\/strong>y <strong>AFANION <\/strong>(Asociaci\u00f3n de Familias de Ni\u00f1os con C\u00e1ncer de Castilla-La Mancha)<strong>.<\/strong><\/p>\n\n\n\n<figure class=\"wp-block-embed is-type-video is-provider-youtube wp-block-embed-youtube wp-embed-aspect-16-9 wp-has-aspect-ratio\"><div class=\"wp-block-embed__wrapper\">\n<iframe loading=\"lazy\" title=\"Alas de la Sonrisa 2023 en Telemadrid\" width=\"500\" height=\"281\" src=\"https:\/\/www.youtube.com\/embed\/O83ZZKzCVxs?feature=oembed\" frameborder=\"0\" allow=\"accelerometer; autoplay; clipboard-write; encrypted-media; gyroscope; picture-in-picture; web-share\" allowfullscreen><\/iframe>\n<\/div><\/figure>\n\n\n\n<p>Esta actividad forma parte del proyecto <strong>Alas de la Sonrisa <\/strong>de la ONG Aviaci\u00f3n sin Fronteras<strong>, <\/strong>cuyo objetivo es aproximar el mundo de la aviaci\u00f3n a ni\u00f1os, j\u00f3venes y adultos en riesgo de exclusi\u00f3n, con enfermedades o con alg\u00fan tipo de discapacidad. Las actividades se llevan a cabo en aer\u00f3dromos, aeropuertos, bases militares, centros de formaci\u00f3n o rescate, compa\u00f1\u00edas a\u00e9reas, museos a\u00e9reos y exhibiciones a\u00e9reas.<\/p>\n\n\n\n<figure class=\"wp-block-image size-full\"><a href=\"http:\/\/www.juanvelarde26.com\/wp-content\/uploads\/2023\/06\/alas-de-la-sonrisa-juan-velarde-asf.jpg\"><img loading=\"lazy\" width=\"800\" height=\"600\" src=\"http:\/\/www.juanvelarde26.com\/wp-content\/uploads\/2023\/06\/alas-de-la-sonrisa-juan-velarde-asf.jpg\" alt=\"Alas de la Sonrisa - ASF\" class=\"wp-image-3013\" srcset=\"http:\/\/www.juanvelarde26.com\/wp-content\/uploads\/2023\/06\/alas-de-la-sonrisa-juan-velarde-asf.jpg 800w, http:\/\/www.juanvelarde26.com\/wp-content\/uploads\/2023\/06\/alas-de-la-sonrisa-juan-velarde-asf-300x225.jpg 300w, http:\/\/www.juanvelarde26.com\/wp-content\/uploads\/2023\/06\/alas-de-la-sonrisa-juan-velarde-asf-768x576.jpg 768w\" sizes=\"(max-width: 800px) 100vw, 800px\" \/><\/a><\/figure>\n\n\n\n<p>Los voluntarios de <strong>Aviaci\u00f3n Sin Fronteras <\/strong>acompa\u00f1an a las asociaciones y colaboran en la recogida de los participantes, en la supervisi\u00f3n de la seguridad de la actividad y en el asesoramiento y explicaci\u00f3n de la visita, gracias a sus conocimientos aeron\u00e1uticos.<\/p>\n\n\n\n<p><strong>Juan Velarde<\/strong><\/p>\n\n\n\n<p>\u201cCon este tipo de iniciativas recibimos infinitamente m\u00e1s de lo que damos. Es emocionante poder compartir nuestra pasi\u00f3n por volar con j\u00f3venes para los que muchas veces \u00e9ste es su primer contacto con el mundo de la aviaci\u00f3n\u201d.<\/p>\n","protected":false},"excerpt":{"rendered":"<p>La ONG Aviaci\u00f3n Sin Fronteras organiz\u00f3 una jornada en el Aer\u00f3dromo de Casarrubios del Monte (Toledo) en la que varias asociaciones de ni\u00f1os con c\u00e1ncer pudieron disfrutar de una ma\u00f1ana aeron\u00e1utica de la mano de destacados pilotos espa\u00f1oles de vuelo acrob\u00e1tico. Juan Velarde, Campe\u00f3n de Espa\u00f1a de Vuelo Acrob\u00e1tico y Embajador de Aviaci\u00f3n Sin Fronteras, [&hellip;]<\/p>\n","protected":false},"author":1,"featured_media":3011,"comment_status":"open","ping_status":"open","sticky":false,"template":"","format":"standard","meta":[],"categories":[10],"tags":[48,25,28,49,21,218,194,191,45],"_links":{"self":[{"href":"http:\/\/www.juanvelarde26.com\/en\/wp-json\/wp\/v2\/posts\/3005"}],"collection":[{"href":"http:\/\/www.juanvelarde26.com\/en\/wp-json\/wp\/v2\/posts"}],"about":[{"href":"http:\/\/www.juanvelarde26.com\/en\/wp-json\/wp\/v2\/types\/post"}],"author":[{"embeddable":true,"href":"http:\/\/www.juanvelarde26.com\/en\/wp-json\/wp\/v2\/users\/1"}],"replies":[{"embeddable":true,"href":"http:\/\/www.juanvelarde26.com\/en\/wp-json\/wp\/v2\/comments?post=3005"}],"version-history":[{"count":3,"href":"http:\/\/www.juanvelarde26.com\/en\/wp-json\/wp\/v2\/posts\/3005\/revisions"}],"predecessor-version":[{"id":3020,"href":"http:\/\/www.juanvelarde26.com\/en\/wp-json\/wp\/v2\/posts\/3005\/revisions\/3020"}],"wp:featuredmedia":[{"embeddable":true,"href":"http:\/\/www.juanvelarde26.com\/en\/wp-json\/wp\/v2\/media\/3011"}],"wp:attachment":[{"href":"http:\/\/www.juanvelarde26.com\/en\/wp-json\/wp\/v2\/media?parent=3005"}],"wp:term":[{"taxonomy":"category","embeddable":true,"href":"http:\/\/www.juanvelarde26.com\/en\/wp-json\/wp\/v2\/categories?post=3005"},{"taxonomy":"post_tag","embeddable":true,"href":"http:\/\/www.juanvelarde26.com\/en\/wp-json\/wp\/v2\/tags?post=3005"}],"curies":[{"name":"wp","href":"https:\/\/api.w.org\/{rel}","templated":true}]}}