{"id":3022,"date":"2023-07-05T14:15:58","date_gmt":"2023-07-05T14:15:58","guid":{"rendered":"http:\/\/www.juanvelarde26.com\/?p=3022"},"modified":"2025-02-17T23:15:26","modified_gmt":"2025-02-17T23:15:26","slug":"telemadrid-muestra-un-entrenamiento-de-vuelo-acrobatico-con-juan-velarde","status":"publish","type":"post","link":"http:\/\/www.juanvelarde26.com\/en\/2023\/07\/telemadrid-muestra-un-entrenamiento-de-vuelo-acrobatico-con-juan-velarde\/","title":{"rendered":"Telemadrid muestra un entrenamiento de vuelo acrob\u00e1tico con Juan Velarde"},"content":{"rendered":"\n<p>Estos d\u00edas, los pilotos de vuelo acrob\u00e1tico entrenan para el&nbsp;<strong>Campeonato de Espa\u00f1a.<\/strong>&nbsp;Ensayan las vueltas, piruetas y figuras que van a hacer en el aire.<\/p>\n\n\n\n<p>En&nbsp;<strong>&#8216;Buenos D\u00edas, Madrid&#8217;,<\/strong>&nbsp;hemos querido saber qu\u00e9 sienten los pilotos de vuelo acrob\u00e1tico. El reportero<strong>&nbsp;Dani Martin s<\/strong>e ha subido a un avi\u00f3n con el piloto&nbsp;<strong>Juan Velarde<\/strong>, una de las figuras m\u00e1s destacadas de la aviaci\u00f3n deportiva en Espa\u00f1a. Toda una experiencia &#8220;de altura&#8221; en Casarrubios del Monte.<\/p>\n\n\n\n<p>En el aire, a\u00a0<strong>140 kil\u00f3metros por hora<\/strong>, Dani y Juan Velarde, han practicado acrobacias como &#8216;looping&#8217;, una vuelta hacia atr\u00e1s que implica estar algunos momentos &#8216;boca abajo&#8217;; un &#8216;tonel&#8217;, vuelta sobre las alas, que han realizado primero despacio y despu\u00e9s a toda velocidad; &#8216;abracadabra&#8217;, en la que el avi\u00f3n rota a toda velocidad mientras baja; y otras acrobacias.<\/p>\n\n\n\n<p>Aqu\u00ed puedes ver la noticia completa:<\/p>\n\n\n\n<p><a href=\"https:\/\/www.telemadrid.es\/programas\/buenos-dias-madrid\/Una-experiencia-alucinante-el-vuelo-de-un-reportero-de-Telemadrid-en-un-avion-acrobatico-2-2574062573--20230630093753.html\">https:\/\/www.telemadrid.es\/programas\/buenos-dias-madrid\/Una-experiencia-alucinante-el-vuelo-de-un-reportero-de-Telemadrid-en-un-avion-acrobatico-2-2574062573&#8211;20230630093753.html<\/a><\/p>\n","protected":false},"excerpt":{"rendered":"<p>Estos d\u00edas, los pilotos de vuelo acrob\u00e1tico entrenan para el&nbsp;Campeonato de Espa\u00f1a.&nbsp;Ensayan las vueltas, piruetas y figuras que van a hacer en el aire. En&nbsp;&#8216;Buenos D\u00edas, Madrid&#8217;,&nbsp;hemos querido saber qu\u00e9 sienten los pilotos de vuelo acrob\u00e1tico. El reportero&nbsp;Dani Martin se ha subido a un avi\u00f3n con el piloto&nbsp;Juan Velarde, una de las figuras m\u00e1s destacadas [&hellip;]<\/p>\n","protected":false},"author":1,"featured_media":3026,"comment_status":"open","ping_status":"open","sticky":false,"template":"","format":"standard","meta":[],"categories":[17,18],"tags":[147,44,219,220,21,96,45],"_links":{"self":[{"href":"http:\/\/www.juanvelarde26.com\/en\/wp-json\/wp\/v2\/posts\/3022"}],"collection":[{"href":"http:\/\/www.juanvelarde26.com\/en\/wp-json\/wp\/v2\/posts"}],"about":[{"href":"http:\/\/www.juanvelarde26.com\/en\/wp-json\/wp\/v2\/types\/post"}],"author":[{"embeddable":true,"href":"http:\/\/www.juanvelarde26.com\/en\/wp-json\/wp\/v2\/users\/1"}],"replies":[{"embeddable":true,"href":"http:\/\/www.juanvelarde26.com\/en\/wp-json\/wp\/v2\/comments?post=3022"}],"version-history":[{"count":1,"href":"http:\/\/www.juanvelarde26.com\/en\/wp-json\/wp\/v2\/posts\/3022\/revisions"}],"predecessor-version":[{"id":3027,"href":"http:\/\/www.juanvelarde26.com\/en\/wp-json\/wp\/v2\/posts\/3022\/revisions\/3027"}],"wp:featuredmedia":[{"embeddable":true,"href":"http:\/\/www.juanvelarde26.com\/en\/wp-json\/wp\/v2\/media\/3026"}],"wp:attachment":[{"href":"http:\/\/www.juanvelarde26.com\/en\/wp-json\/wp\/v2\/media?parent=3022"}],"wp:term":[{"taxonomy":"category","embeddable":true,"href":"http:\/\/www.juanvelarde26.com\/en\/wp-json\/wp\/v2\/categories?post=3022"},{"taxonomy":"post_tag","embeddable":true,"href":"http:\/\/www.juanvelarde26.com\/en\/wp-json\/wp\/v2\/tags?post=3022"}],"curies":[{"name":"wp","href":"https:\/\/api.w.org\/{rel}","templated":true}]}}