{"id":3084,"date":"2023-10-18T17:15:00","date_gmt":"2023-10-18T17:15:00","guid":{"rendered":"http:\/\/www.juanvelarde26.com\/?p=3084"},"modified":"2025-02-17T23:13:31","modified_gmt":"2025-02-17T23:13:31","slug":"juan-velarde-y-patrick-koch-vuelan-con-jiaping-para-la-sexta","status":"publish","type":"post","link":"http:\/\/www.juanvelarde26.com\/en\/2023\/10\/juan-velarde-y-patrick-koch-vuelan-con-jiaping-para-la-sexta\/","title":{"rendered":"Juan Velarde y Patrick Koch vuelan con Jiaping para La Sexta"},"content":{"rendered":"\n<p>Jiaping, la intr\u00e9pida reportera china de La Sexta se aventur\u00f3 a volar con Juan Velarde y Patrick Koch, campeones de Espa\u00f1a de Vuelo Acrob\u00e1tico Free Style, en una exhibici\u00f3n de vuelo en formaci\u00f3n. <\/p>\n\n\n\n<p>Clica en este enlace para ver el v\u00eddeo si accedes desde tu m\u00f3vil.<\/p>\n\n\n\n<p><a href=\"https:\/\/www.instagram.com\/reel\/Cyll6IetD6Q\/?utm_source=ig_web_copy_link\">https:\/\/www.instagram.com\/reel\/Cyll6IetD6Q\/?utm_source=ig_web_copy_link<\/a><\/p>\n\n\n\n<p>Los v\u00eddeos de aqu\u00ed abajo se pueden visualizar desde tu ordenador (no desde tu m\u00f3vil):<\/p>\n\n\n\n<p> <\/p>\n\n\n\n<figure class=\"wp-block-embed is-type-video is-provider-youtube wp-block-embed-youtube wp-embed-aspect-16-9 wp-has-aspect-ratio\"><div class=\"wp-block-embed__wrapper\">\n<iframe loading=\"lazy\" title=\"Juan Velarde y Patrick Koch vuelan con Jiaping para La Sexta (1)\" width=\"500\" height=\"281\" src=\"https:\/\/www.youtube.com\/embed\/Z515sXiQMdI?feature=oembed\" frameborder=\"0\" allow=\"accelerometer; autoplay; clipboard-write; encrypted-media; gyroscope; picture-in-picture; web-share\" allowfullscreen><\/iframe>\n<\/div><\/figure>\n\n\n\n<figure class=\"wp-block-embed is-type-video is-provider-youtube wp-block-embed-youtube wp-embed-aspect-16-9 wp-has-aspect-ratio\"><div class=\"wp-block-embed__wrapper\">\n<iframe loading=\"lazy\" title=\"Juan Velarde y Patrick Koch vuelan con Jiaping para La Sexta (2)\" width=\"500\" height=\"281\" src=\"https:\/\/www.youtube.com\/embed\/mLvZFAxL67c?feature=oembed\" frameborder=\"0\" allow=\"accelerometer; autoplay; clipboard-write; encrypted-media; gyroscope; picture-in-picture; web-share\" allowfullscreen><\/iframe>\n<\/div><\/figure>\n","protected":false},"excerpt":{"rendered":"<p>Jiaping, la intr\u00e9pida reportera china de La Sexta se aventur\u00f3 a volar con Juan Velarde y Patrick Koch, campeones de Espa\u00f1a de Vuelo Acrob\u00e1tico Free Style, en una exhibici\u00f3n de vuelo en formaci\u00f3n. Clica en este enlace para ver el v\u00eddeo si accedes desde tu m\u00f3vil. https:\/\/www.instagram.com\/reel\/Cyll6IetD6Q\/?utm_source=ig_web_copy_link Los v\u00eddeos de aqu\u00ed abajo se pueden visualizar [&hellip;]<\/p>\n","protected":false},"author":1,"featured_media":3088,"comment_status":"open","ping_status":"open","sticky":false,"template":"","format":"standard","meta":[],"categories":[9,17,18,13],"tags":[24,222,21,101,45],"_links":{"self":[{"href":"http:\/\/www.juanvelarde26.com\/en\/wp-json\/wp\/v2\/posts\/3084"}],"collection":[{"href":"http:\/\/www.juanvelarde26.com\/en\/wp-json\/wp\/v2\/posts"}],"about":[{"href":"http:\/\/www.juanvelarde26.com\/en\/wp-json\/wp\/v2\/types\/post"}],"author":[{"embeddable":true,"href":"http:\/\/www.juanvelarde26.com\/en\/wp-json\/wp\/v2\/users\/1"}],"replies":[{"embeddable":true,"href":"http:\/\/www.juanvelarde26.com\/en\/wp-json\/wp\/v2\/comments?post=3084"}],"version-history":[{"count":3,"href":"http:\/\/www.juanvelarde26.com\/en\/wp-json\/wp\/v2\/posts\/3084\/revisions"}],"predecessor-version":[{"id":3126,"href":"http:\/\/www.juanvelarde26.com\/en\/wp-json\/wp\/v2\/posts\/3084\/revisions\/3126"}],"wp:featuredmedia":[{"embeddable":true,"href":"http:\/\/www.juanvelarde26.com\/en\/wp-json\/wp\/v2\/media\/3088"}],"wp:attachment":[{"href":"http:\/\/www.juanvelarde26.com\/en\/wp-json\/wp\/v2\/media?parent=3084"}],"wp:term":[{"taxonomy":"category","embeddable":true,"href":"http:\/\/www.juanvelarde26.com\/en\/wp-json\/wp\/v2\/categories?post=3084"},{"taxonomy":"post_tag","embeddable":true,"href":"http:\/\/www.juanvelarde26.com\/en\/wp-json\/wp\/v2\/tags?post=3084"}],"curies":[{"name":"wp","href":"https:\/\/api.w.org\/{rel}","templated":true}]}}