{"id":3108,"date":"2023-07-23T12:57:00","date_gmt":"2023-07-23T12:57:00","guid":{"rendered":"http:\/\/www.juanvelarde26.com\/?p=3108"},"modified":"2025-02-17T23:14:47","modified_gmt":"2025-02-17T23:14:47","slug":"juan-velarde-participa-en-el-festival-aereo-de-gijon","status":"publish","type":"post","link":"http:\/\/www.juanvelarde26.com\/en\/2023\/07\/juan-velarde-participa-en-el-festival-aereo-de-gijon\/","title":{"rendered":"Juan Velarde participa en el Festival A\u00e9reo de Gij\u00f3n"},"content":{"rendered":"\n<p>El pasado 23 de julio se celebr\u00f3 en <strong>Gij\u00f3n<\/strong> el popular <strong>Airshow<\/strong> anual y como ya es tradici\u00f3n tambi\u00e9n en 2023 cont\u00f3 con la participaci\u00f3n de <strong>Juan Velarde<\/strong>, que realiz\u00f3 una exhibici\u00f3n de vuelo acrob\u00e1tico para todos los asistentes a bordo de su <strong>Extra 330 LX<\/strong>.<\/p>\n\n\n\n<p><a href=\"https:\/\/www.instagram.com\/p\/Cu1_rbWtVuF\/\">https:\/\/www.instagram.com\/p\/Cu1_rbWtVuF\/<\/a><\/p>\n\n\n\n<p>El <strong>Festival A\u00e9reo de Gij\u00f3n<\/strong> registr\u00f3 un \u00e9xito total, ya que reuni\u00f3 a m\u00e1s de 250.000 personas en la Playa de San Lorenzo y alrededores, que pudieron disfrutar de las exhibiciones de la <strong>Patrulla \u00c1guila<\/strong>, <strong>Eurofighter<\/strong>, Juan Velarde, los paracaidistas de papea, los helic\u00f3pteros de La Armada, el Ej\u00e9rcito de Tierra, Polic\u00eda Nacional y los fuegos artificiales a\u00e9reos de Aerospark, entre otros.<\/p>\n\n\n\n<p><\/p>\n","protected":false},"excerpt":{"rendered":"<p>El pasado 23 de julio se celebr\u00f3 en Gij\u00f3n el popular Airshow anual y como ya es tradici\u00f3n tambi\u00e9n en 2023 cont\u00f3 con la participaci\u00f3n de Juan Velarde, que realiz\u00f3 una exhibici\u00f3n de vuelo acrob\u00e1tico para todos los asistentes a bordo de su Extra 330 LX. https:\/\/www.instagram.com\/p\/Cu1_rbWtVuF\/ El Festival A\u00e9reo de Gij\u00f3n registr\u00f3 un \u00e9xito [&hellip;]<\/p>\n","protected":false},"author":1,"featured_media":3112,"comment_status":"open","ping_status":"open","sticky":false,"template":"","format":"standard","meta":[],"categories":[10],"tags":[225,48,224,97,190,21,167,45],"_links":{"self":[{"href":"http:\/\/www.juanvelarde26.com\/en\/wp-json\/wp\/v2\/posts\/3108"}],"collection":[{"href":"http:\/\/www.juanvelarde26.com\/en\/wp-json\/wp\/v2\/posts"}],"about":[{"href":"http:\/\/www.juanvelarde26.com\/en\/wp-json\/wp\/v2\/types\/post"}],"author":[{"embeddable":true,"href":"http:\/\/www.juanvelarde26.com\/en\/wp-json\/wp\/v2\/users\/1"}],"replies":[{"embeddable":true,"href":"http:\/\/www.juanvelarde26.com\/en\/wp-json\/wp\/v2\/comments?post=3108"}],"version-history":[{"count":2,"href":"http:\/\/www.juanvelarde26.com\/en\/wp-json\/wp\/v2\/posts\/3108\/revisions"}],"predecessor-version":[{"id":3116,"href":"http:\/\/www.juanvelarde26.com\/en\/wp-json\/wp\/v2\/posts\/3108\/revisions\/3116"}],"wp:featuredmedia":[{"embeddable":true,"href":"http:\/\/www.juanvelarde26.com\/en\/wp-json\/wp\/v2\/media\/3112"}],"wp:attachment":[{"href":"http:\/\/www.juanvelarde26.com\/en\/wp-json\/wp\/v2\/media?parent=3108"}],"wp:term":[{"taxonomy":"category","embeddable":true,"href":"http:\/\/www.juanvelarde26.com\/en\/wp-json\/wp\/v2\/categories?post=3108"},{"taxonomy":"post_tag","embeddable":true,"href":"http:\/\/www.juanvelarde26.com\/en\/wp-json\/wp\/v2\/tags?post=3108"}],"curies":[{"name":"wp","href":"https:\/\/api.w.org\/{rel}","templated":true}]}}