{"id":3119,"date":"2023-09-14T13:27:00","date_gmt":"2023-09-14T13:27:00","guid":{"rendered":"http:\/\/www.juanvelarde26.com\/?p=3119"},"modified":"2025-02-17T23:14:30","modified_gmt":"2025-02-17T23:14:30","slug":"joan-mir-vuela-con-juan-velarde","status":"publish","type":"post","link":"http:\/\/www.juanvelarde26.com\/en\/2023\/09\/joan-mir-vuela-con-juan-velarde\/","title":{"rendered":"El campe\u00f3n del mundo de MotoGP Joan Mir vuela con Juan velarde"},"content":{"rendered":"\n<p>El piloto del <strong>Repsol Honda MotoGP Team<\/strong> y campe\u00f3n del mundo de la categor\u00eda reina del motociclismo en 2020 <strong>Joan Mir<\/strong> acept\u00f3 el reto de subirse al avi\u00f3n biplaza <strong>Extra 300 LX<\/strong> de <strong>Juan Velarde<\/strong> para vivir una experiencia de vuelo acrob\u00e1tico a m\u00e1s de 350 km\/h. \u00bfC\u00f3mo crees que aguant\u00f3 el reto Joan Mir?<\/p>\n\n\n\n<p>No te pierdas el v\u00eddeo aqu\u00ed abajo:<\/p>\n\n\n\n<figure class=\"wp-block-embed is-type-video is-provider-youtube wp-block-embed-youtube wp-embed-aspect-16-9 wp-has-aspect-ratio\"><div class=\"wp-block-embed__wrapper\">\n<iframe loading=\"lazy\" title=\"Joan Mir vuela con Juan Velarde\" width=\"500\" height=\"281\" src=\"https:\/\/www.youtube.com\/embed\/XfyCs7iN7QA?feature=oembed\" frameborder=\"0\" allow=\"accelerometer; autoplay; clipboard-write; encrypted-media; gyroscope; picture-in-picture; web-share\" allowfullscreen><\/iframe>\n<\/div><\/figure>\n\n\n\n<p><\/p>\n","protected":false},"excerpt":{"rendered":"<p>El piloto del Repsol Honda MotoGP Team y campe\u00f3n del mundo de la categor\u00eda reina del motociclismo en 2020 Joan Mir acept\u00f3 el reto de subirse al avi\u00f3n biplaza Extra 300 LX de Juan Velarde para vivir una experiencia de vuelo acrob\u00e1tico a m\u00e1s de 350 km\/h. \u00bfC\u00f3mo crees que aguant\u00f3 el reto Joan Mir? [&hellip;]<\/p>\n","protected":false},"author":1,"featured_media":3131,"comment_status":"open","ping_status":"open","sticky":false,"template":"","format":"standard","meta":[],"categories":[10,9,13],"tags":[228,97,226,21,47,45],"_links":{"self":[{"href":"http:\/\/www.juanvelarde26.com\/en\/wp-json\/wp\/v2\/posts\/3119"}],"collection":[{"href":"http:\/\/www.juanvelarde26.com\/en\/wp-json\/wp\/v2\/posts"}],"about":[{"href":"http:\/\/www.juanvelarde26.com\/en\/wp-json\/wp\/v2\/types\/post"}],"author":[{"embeddable":true,"href":"http:\/\/www.juanvelarde26.com\/en\/wp-json\/wp\/v2\/users\/1"}],"replies":[{"embeddable":true,"href":"http:\/\/www.juanvelarde26.com\/en\/wp-json\/wp\/v2\/comments?post=3119"}],"version-history":[{"count":1,"href":"http:\/\/www.juanvelarde26.com\/en\/wp-json\/wp\/v2\/posts\/3119\/revisions"}],"predecessor-version":[{"id":3132,"href":"http:\/\/www.juanvelarde26.com\/en\/wp-json\/wp\/v2\/posts\/3119\/revisions\/3132"}],"wp:featuredmedia":[{"embeddable":true,"href":"http:\/\/www.juanvelarde26.com\/en\/wp-json\/wp\/v2\/media\/3131"}],"wp:attachment":[{"href":"http:\/\/www.juanvelarde26.com\/en\/wp-json\/wp\/v2\/media?parent=3119"}],"wp:term":[{"taxonomy":"category","embeddable":true,"href":"http:\/\/www.juanvelarde26.com\/en\/wp-json\/wp\/v2\/categories?post=3119"},{"taxonomy":"post_tag","embeddable":true,"href":"http:\/\/www.juanvelarde26.com\/en\/wp-json\/wp\/v2\/tags?post=3119"}],"curies":[{"name":"wp","href":"https:\/\/api.w.org\/{rel}","templated":true}]}}