{"id":3255,"date":"2023-09-30T18:07:00","date_gmt":"2023-09-30T18:07:00","guid":{"rendered":"http:\/\/www.juanvelarde26.com\/?p=3255"},"modified":"2025-02-17T23:14:14","modified_gmt":"2025-02-17T23:14:14","slug":"juan-velarde-en-el-oeiras-airshow-de-portugal","status":"publish","type":"post","link":"http:\/\/www.juanvelarde26.com\/en\/2023\/09\/juan-velarde-en-el-oeiras-airshow-de-portugal\/","title":{"rendered":"Juan Velarde en el Oeiras Airshow de Portugal"},"content":{"rendered":"\n<p>El pasado 30 de septiembre de 2023 se celebr\u00f3 en Portugal el Oeiras Valley AirShow. <strong>Juan Velarde<\/strong> particip\u00f3 en el mismo con una incre\u00edble exhibici\u00f3n de vuelo acrob\u00e1tico con su avi\u00f3n de Air Race: el <strong>Zivko Edge 540<\/strong>. Aqu\u00ed tienes un v\u00eddeo para abrir boca:<\/p>\n\n\n\n<figure class=\"wp-block-embed is-type-video is-provider-youtube wp-block-embed-youtube wp-embed-aspect-16-9 wp-has-aspect-ratio\"><div class=\"wp-block-embed__wrapper\">\n<iframe loading=\"lazy\" title=\"OEIRAS AIR SHOW powered by ARC\" width=\"500\" height=\"281\" src=\"https:\/\/www.youtube.com\/embed\/0RE3QfW2AcE?feature=oembed\" frameborder=\"0\" allow=\"accelerometer; autoplay; clipboard-write; encrypted-media; gyroscope; picture-in-picture; web-share\" referrerpolicy=\"strict-origin-when-cross-origin\" allowfullscreen><\/iframe>\n<\/div><\/figure>\n\n\n\n<p>Un rotundo \u00e9xito de p\u00fablico, en la Praia de Santo Amaro el Oeiras Airshow reuni\u00f3 a la Patrulha Fantasma, Aerosparx, una demo de la Marinha Portuguesa y a Juan Velarde, entre otros.<\/p>\n","protected":false},"excerpt":{"rendered":"<p>El pasado 30 de septiembre de 2023 se celebr\u00f3 en Portugal el Oeiras Valley AirShow. Juan Velarde particip\u00f3 en el mismo con una incre\u00edble exhibici\u00f3n de vuelo acrob\u00e1tico con su avi\u00f3n de Air Race: el Zivko Edge 540. Aqu\u00ed tienes un v\u00eddeo para abrir boca: Un rotundo \u00e9xito de p\u00fablico, en la Praia de Santo [&hellip;]<\/p>\n","protected":false},"author":1,"featured_media":3259,"comment_status":"open","ping_status":"open","sticky":false,"template":"","format":"standard","meta":[],"categories":[10],"tags":[48,21,230,45],"_links":{"self":[{"href":"http:\/\/www.juanvelarde26.com\/en\/wp-json\/wp\/v2\/posts\/3255"}],"collection":[{"href":"http:\/\/www.juanvelarde26.com\/en\/wp-json\/wp\/v2\/posts"}],"about":[{"href":"http:\/\/www.juanvelarde26.com\/en\/wp-json\/wp\/v2\/types\/post"}],"author":[{"embeddable":true,"href":"http:\/\/www.juanvelarde26.com\/en\/wp-json\/wp\/v2\/users\/1"}],"replies":[{"embeddable":true,"href":"http:\/\/www.juanvelarde26.com\/en\/wp-json\/wp\/v2\/comments?post=3255"}],"version-history":[{"count":1,"href":"http:\/\/www.juanvelarde26.com\/en\/wp-json\/wp\/v2\/posts\/3255\/revisions"}],"predecessor-version":[{"id":3260,"href":"http:\/\/www.juanvelarde26.com\/en\/wp-json\/wp\/v2\/posts\/3255\/revisions\/3260"}],"wp:featuredmedia":[{"embeddable":true,"href":"http:\/\/www.juanvelarde26.com\/en\/wp-json\/wp\/v2\/media\/3259"}],"wp:attachment":[{"href":"http:\/\/www.juanvelarde26.com\/en\/wp-json\/wp\/v2\/media?parent=3255"}],"wp:term":[{"taxonomy":"category","embeddable":true,"href":"http:\/\/www.juanvelarde26.com\/en\/wp-json\/wp\/v2\/categories?post=3255"},{"taxonomy":"post_tag","embeddable":true,"href":"http:\/\/www.juanvelarde26.com\/en\/wp-json\/wp\/v2\/tags?post=3255"}],"curies":[{"name":"wp","href":"https:\/\/api.w.org\/{rel}","templated":true}]}}