{"id":3262,"date":"2023-07-11T18:28:00","date_gmt":"2023-07-11T18:28:00","guid":{"rendered":"http:\/\/www.juanvelarde26.com\/?p=3262"},"modified":"2025-02-17T23:14:59","modified_gmt":"2025-02-17T23:14:59","slug":"juan-velarde-sube-al-podio-en-free-style-en-el-ceva-2023","status":"publish","type":"post","link":"http:\/\/www.juanvelarde26.com\/en\/2023\/07\/juan-velarde-sube-al-podio-en-free-style-en-el-ceva-2023\/","title":{"rendered":"Juan Velarde sube al podio en Free Style en el CEVA 2023"},"content":{"rendered":"\n<p>El pasado 11 de julio  el Aer\u00f3dromo de La Caminera en Ciudad Real acogi\u00f3 el Campeonato de Espa\u00f1a de Vuelo Acrob\u00e1tico. El piloto madrile\u00f1o <strong>Juan Velarde<\/strong> particip\u00f3 en la categor\u00eda <strong>Free Style<\/strong> y despu\u00e9s de una gran actuaci\u00f3n subi\u00f3 al podio.<\/p>\n\n\n\n<p><img loading=\"lazy\" width=\"900\" height=\"601\" class=\"wp-image-3267\" style=\"width: 900px;\" src=\"http:\/\/www.juanvelarde26.com\/wp-content\/uploads\/2024\/04\/juan-velarde-ceva-2023.jpg\" alt=\"Juan Velarde CEVA 2023\" srcset=\"http:\/\/www.juanvelarde26.com\/wp-content\/uploads\/2024\/04\/juan-velarde-ceva-2023.jpg 900w, http:\/\/www.juanvelarde26.com\/wp-content\/uploads\/2024\/04\/juan-velarde-ceva-2023-300x200.jpg 300w, http:\/\/www.juanvelarde26.com\/wp-content\/uploads\/2024\/04\/juan-velarde-ceva-2023-768x513.jpg 768w\" sizes=\"(max-width: 900px) 100vw, 900px\" \/><\/p>\n\n\n\n<p>A lo alto del podio subi\u00f3 el campe\u00f3n del <strong>CEVA 2023<\/strong> en Free Style C\u00e1stor Fantoba, mientras que el segundo clasificado fue Olivier Mesurel. Juan Velarde, que pilot\u00f3 su avi\u00f3n biplaza Extra 330 LX, cerr\u00f3 el podio.<\/p>\n\n\n\n<p>Mira el v\u00eddeo de la actuaci\u00f3n de Juan Velarde en el CEVA 2023:<\/p>\n\n\n\n<figure class=\"wp-block-embed is-type-video is-provider-youtube wp-block-embed-youtube wp-embed-aspect-16-9 wp-has-aspect-ratio\"><div class=\"wp-block-embed__wrapper\">\n<iframe loading=\"lazy\" title=\"Juan Velarde en el CEVA 2023 Free Style\" width=\"500\" height=\"281\" src=\"https:\/\/www.youtube.com\/embed\/uepA59Ncq6g?feature=oembed\" frameborder=\"0\" allow=\"accelerometer; autoplay; clipboard-write; encrypted-media; gyroscope; picture-in-picture; web-share\" referrerpolicy=\"strict-origin-when-cross-origin\" allowfullscreen><\/iframe>\n<\/div><\/figure>\n","protected":false},"excerpt":{"rendered":"<p>El pasado 11 de julio el Aer\u00f3dromo de La Caminera en Ciudad Real acogi\u00f3 el Campeonato de Espa\u00f1a de Vuelo Acrob\u00e1tico. El piloto madrile\u00f1o Juan Velarde particip\u00f3 en la categor\u00eda Free Style y despu\u00e9s de una gran actuaci\u00f3n subi\u00f3 al podio. A lo alto del podio subi\u00f3 el campe\u00f3n del CEVA 2023 en Free Style [&hellip;]<\/p>\n","protected":false},"author":1,"featured_media":3266,"comment_status":"open","ping_status":"open","sticky":false,"template":"","format":"standard","meta":[],"categories":[10,13],"tags":[44,231,21,45],"_links":{"self":[{"href":"http:\/\/www.juanvelarde26.com\/en\/wp-json\/wp\/v2\/posts\/3262"}],"collection":[{"href":"http:\/\/www.juanvelarde26.com\/en\/wp-json\/wp\/v2\/posts"}],"about":[{"href":"http:\/\/www.juanvelarde26.com\/en\/wp-json\/wp\/v2\/types\/post"}],"author":[{"embeddable":true,"href":"http:\/\/www.juanvelarde26.com\/en\/wp-json\/wp\/v2\/users\/1"}],"replies":[{"embeddable":true,"href":"http:\/\/www.juanvelarde26.com\/en\/wp-json\/wp\/v2\/comments?post=3262"}],"version-history":[{"count":1,"href":"http:\/\/www.juanvelarde26.com\/en\/wp-json\/wp\/v2\/posts\/3262\/revisions"}],"predecessor-version":[{"id":3268,"href":"http:\/\/www.juanvelarde26.com\/en\/wp-json\/wp\/v2\/posts\/3262\/revisions\/3268"}],"wp:featuredmedia":[{"embeddable":true,"href":"http:\/\/www.juanvelarde26.com\/en\/wp-json\/wp\/v2\/media\/3266"}],"wp:attachment":[{"href":"http:\/\/www.juanvelarde26.com\/en\/wp-json\/wp\/v2\/media?parent=3262"}],"wp:term":[{"taxonomy":"category","embeddable":true,"href":"http:\/\/www.juanvelarde26.com\/en\/wp-json\/wp\/v2\/categories?post=3262"},{"taxonomy":"post_tag","embeddable":true,"href":"http:\/\/www.juanvelarde26.com\/en\/wp-json\/wp\/v2\/tags?post=3262"}],"curies":[{"name":"wp","href":"https:\/\/api.w.org\/{rel}","templated":true}]}}