{"id":3291,"date":"2022-07-15T10:18:00","date_gmt":"2022-07-15T10:18:00","guid":{"rendered":"http:\/\/www.juanvelarde26.com\/?p=3291"},"modified":"2025-02-17T23:18:29","modified_gmt":"2025-02-17T23:18:29","slug":"juen-velarde-entrevistado-en-ke-sotogrande-magazine","status":"publish","type":"post","link":"http:\/\/www.juanvelarde26.com\/en\/2022\/07\/juen-velarde-entrevistado-en-ke-sotogrande-magazine\/","title":{"rendered":"Juen Velarde entrevistado en KE Sotogrande Magazine"},"content":{"rendered":"\n<p><strong>Juan Velarde<\/strong> fue entrevistado por Roc\u00edo M\u00e1rquez Papell en verano de 2022 para la revista KE Sotogrande Magazine.<\/p>\n\n\n\n<p>Consulta y descarga aqu\u00ed la entrevista completa:<\/p>\n\n\n\n<div class=\"wp-block-file\"><object class=\"wp-block-file__embed\" data=\"http:\/\/www.juanvelarde26.com\/wp-content\/uploads\/2024\/04\/Juan-Velarde-KE-Magazine-Sotogrande.pdf\" type=\"application\/pdf\" style=\"width:100%;height:600px\" aria-label=\"Incrustado de Juan-Velarde-KE-Magazine-Sotogrande.\"><\/object><a id=\"wp-block-file--media-3c7373d5-2b13-4688-b9b8-9d3a1ce80a37\" href=\"http:\/\/www.juanvelarde26.com\/wp-content\/uploads\/2024\/04\/Juan-Velarde-KE-Magazine-Sotogrande.pdf\">Juan-Velarde-KE-Magazine-Sotogrande<\/a><a href=\"http:\/\/www.juanvelarde26.com\/wp-content\/uploads\/2024\/04\/Juan-Velarde-KE-Magazine-Sotogrande.pdf\" class=\"wp-block-file__button\" download aria-describedby=\"wp-block-file--media-3c7373d5-2b13-4688-b9b8-9d3a1ce80a37\">Descarga<\/a><\/div>\n","protected":false},"excerpt":{"rendered":"<p>Juan Velarde fue entrevistado por Roc\u00edo M\u00e1rquez Papell en verano de 2022 para la revista KE Sotogrande Magazine. Consulta y descarga aqu\u00ed la entrevista completa:<\/p>\n","protected":false},"author":1,"featured_media":3296,"comment_status":"open","ping_status":"open","sticky":false,"template":"","format":"standard","meta":[],"categories":[17,20],"tags":[43,24,21,234,45],"_links":{"self":[{"href":"http:\/\/www.juanvelarde26.com\/en\/wp-json\/wp\/v2\/posts\/3291"}],"collection":[{"href":"http:\/\/www.juanvelarde26.com\/en\/wp-json\/wp\/v2\/posts"}],"about":[{"href":"http:\/\/www.juanvelarde26.com\/en\/wp-json\/wp\/v2\/types\/post"}],"author":[{"embeddable":true,"href":"http:\/\/www.juanvelarde26.com\/en\/wp-json\/wp\/v2\/users\/1"}],"replies":[{"embeddable":true,"href":"http:\/\/www.juanvelarde26.com\/en\/wp-json\/wp\/v2\/comments?post=3291"}],"version-history":[{"count":1,"href":"http:\/\/www.juanvelarde26.com\/en\/wp-json\/wp\/v2\/posts\/3291\/revisions"}],"predecessor-version":[{"id":3297,"href":"http:\/\/www.juanvelarde26.com\/en\/wp-json\/wp\/v2\/posts\/3291\/revisions\/3297"}],"wp:featuredmedia":[{"embeddable":true,"href":"http:\/\/www.juanvelarde26.com\/en\/wp-json\/wp\/v2\/media\/3296"}],"wp:attachment":[{"href":"http:\/\/www.juanvelarde26.com\/en\/wp-json\/wp\/v2\/media?parent=3291"}],"wp:term":[{"taxonomy":"category","embeddable":true,"href":"http:\/\/www.juanvelarde26.com\/en\/wp-json\/wp\/v2\/categories?post=3291"},{"taxonomy":"post_tag","embeddable":true,"href":"http:\/\/www.juanvelarde26.com\/en\/wp-json\/wp\/v2\/tags?post=3291"}],"curies":[{"name":"wp","href":"https:\/\/api.w.org\/{rel}","templated":true}]}}