{"id":2753,"date":"2022-10-17T17:58:57","date_gmt":"2022-10-17T17:58:57","guid":{"rendered":"http:\/\/www.juanvelarde26.com\/?p=2753"},"modified":"2025-02-17T23:17:19","modified_gmt":"2025-02-17T23:17:19","slug":"juan-y-patrick-hablan-para-el-pais-semanal","status":"publish","type":"post","link":"https:\/\/www.juanvelarde26.com\/en\/2022\/10\/juan-y-patrick-hablan-para-el-pais-semanal\/","title":{"rendered":"Juan y Patrick hablan para El Pa\u00eds Semanal"},"content":{"rendered":"\n<p>Juan Velarde y Patrick Koch, pilotos acrob\u00e1ticos del Team Velarde, entrevistados por Karelia V\u00e1zquez, redactora de El Pa\u00eds Semanal, con fotos de Francis Tsang.<\/p>\n\n\n\n<p>Descubre lo que se siente a los mandos de un avi\u00f3n de vuelo acrob\u00e1tico, contado por dos de los pilotos espa\u00f1oles especializados en este tipo de aviaci\u00f3n. Las Gs que tienen que soportar, los trucos para orientarse y c\u00f3mo comenzaron en esto de las acrobacias a\u00e9reas.<\/p>\n\n\n\n<p>&#8220;El mundo se diferencia en dos tipos de personas&#8221;, asegura Patrick, &#8220;las que vuelan y las que no. Mientras mis amigos empollaban revistas de f\u00fatbol, yo le\u00eda las de aviaci\u00f3n&#8221;.<\/p>\n\n\n\n<p>&#8220;Yo quer\u00eda ser piloto de caza&#8221;, a\u00f1ade Juan velarde, &#8220;pero soy miope. No sirvo para la aviaci\u00f3n militar, que es el terreno natural del vuelo acrob\u00e1tico&#8221;.<\/p>\n","protected":false},"excerpt":{"rendered":"<p>Juan Velarde y Patrick Koch, pilotos acrob\u00e1ticos del Team Velarde, entrevistados por Karelia V\u00e1zquez, redactora de El Pa\u00eds Semanal, con fotos de Francis Tsang. Descubre lo que se siente a los mandos de un avi\u00f3n de vuelo acrob\u00e1tico, contado por dos de los pilotos espa\u00f1oles especializados en este tipo de aviaci\u00f3n. Las Gs que tienen [&hellip;]<\/p>\n","protected":false},"author":1,"featured_media":2757,"comment_status":"open","ping_status":"open","sticky":false,"template":"","format":"standard","meta":[],"categories":[17,20],"tags":[198,24,21,194,45],"_links":{"self":[{"href":"https:\/\/www.juanvelarde26.com\/en\/wp-json\/wp\/v2\/posts\/2753"}],"collection":[{"href":"https:\/\/www.juanvelarde26.com\/en\/wp-json\/wp\/v2\/posts"}],"about":[{"href":"https:\/\/www.juanvelarde26.com\/en\/wp-json\/wp\/v2\/types\/post"}],"author":[{"embeddable":true,"href":"https:\/\/www.juanvelarde26.com\/en\/wp-json\/wp\/v2\/users\/1"}],"replies":[{"embeddable":true,"href":"https:\/\/www.juanvelarde26.com\/en\/wp-json\/wp\/v2\/comments?post=2753"}],"version-history":[{"count":2,"href":"https:\/\/www.juanvelarde26.com\/en\/wp-json\/wp\/v2\/posts\/2753\/revisions"}],"predecessor-version":[{"id":2766,"href":"https:\/\/www.juanvelarde26.com\/en\/wp-json\/wp\/v2\/posts\/2753\/revisions\/2766"}],"wp:featuredmedia":[{"embeddable":true,"href":"https:\/\/www.juanvelarde26.com\/en\/wp-json\/wp\/v2\/media\/2757"}],"wp:attachment":[{"href":"https:\/\/www.juanvelarde26.com\/en\/wp-json\/wp\/v2\/media?parent=2753"}],"wp:term":[{"taxonomy":"category","embeddable":true,"href":"https:\/\/www.juanvelarde26.com\/en\/wp-json\/wp\/v2\/categories?post=2753"},{"taxonomy":"post_tag","embeddable":true,"href":"https:\/\/www.juanvelarde26.com\/en\/wp-json\/wp\/v2\/tags?post=2753"}],"curies":[{"name":"wp","href":"https:\/\/api.w.org\/{rel}","templated":true}]}}