{"id":3030,"date":"2023-07-05T14:35:24","date_gmt":"2023-07-05T14:35:24","guid":{"rendered":"http:\/\/www.juanvelarde26.com\/?p=3030"},"modified":"2025-02-17T23:15:13","modified_gmt":"2025-02-17T23:15:13","slug":"dani-mateos-vuela-con-juan-velarde-para-telemadrid","status":"publish","type":"post","link":"https:\/\/www.juanvelarde26.com\/en\/2023\/07\/dani-mateos-vuela-con-juan-velarde-para-telemadrid\/","title":{"rendered":"Dani Mateos vuela con Juan Velarde para Telemadrid"},"content":{"rendered":"\n<p>El reportero de Telemadrid Dani Mateos se ha subido al avi\u00f3n de vuelo acrob\u00e1tico de Juan Velarde justo antes del Campeonato de Espa\u00f1a de Vuelo Acrob\u00e1tico.<\/p>\n\n\n\n<figure class=\"wp-block-embed is-type-video is-provider-youtube wp-block-embed-youtube wp-embed-aspect-16-9 wp-has-aspect-ratio\"><div class=\"wp-block-embed__wrapper\">\n<iframe loading=\"lazy\" title=\"Dani Mateo (Telemadrid) vuela con Juan Velarde\" width=\"500\" height=\"281\" src=\"https:\/\/www.youtube.com\/embed\/8EJgXIaER0Q?feature=oembed\" frameborder=\"0\" allow=\"accelerometer; autoplay; clipboard-write; encrypted-media; gyroscope; picture-in-picture; web-share\" allowfullscreen><\/iframe>\n<\/div><\/figure>\n","protected":false},"excerpt":{"rendered":"<p>El reportero de Telemadrid Dani Mateos se ha subido al avi\u00f3n de vuelo acrob\u00e1tico de Juan Velarde justo antes del Campeonato de Espa\u00f1a de Vuelo Acrob\u00e1tico.<\/p>\n","protected":false},"author":1,"featured_media":3034,"comment_status":"open","ping_status":"open","sticky":false,"template":"","format":"standard","meta":[],"categories":[9,17,18,13],"tags":[44,24,97,21,45],"_links":{"self":[{"href":"https:\/\/www.juanvelarde26.com\/en\/wp-json\/wp\/v2\/posts\/3030"}],"collection":[{"href":"https:\/\/www.juanvelarde26.com\/en\/wp-json\/wp\/v2\/posts"}],"about":[{"href":"https:\/\/www.juanvelarde26.com\/en\/wp-json\/wp\/v2\/types\/post"}],"author":[{"embeddable":true,"href":"https:\/\/www.juanvelarde26.com\/en\/wp-json\/wp\/v2\/users\/1"}],"replies":[{"embeddable":true,"href":"https:\/\/www.juanvelarde26.com\/en\/wp-json\/wp\/v2\/comments?post=3030"}],"version-history":[{"count":1,"href":"https:\/\/www.juanvelarde26.com\/en\/wp-json\/wp\/v2\/posts\/3030\/revisions"}],"predecessor-version":[{"id":3035,"href":"https:\/\/www.juanvelarde26.com\/en\/wp-json\/wp\/v2\/posts\/3030\/revisions\/3035"}],"wp:featuredmedia":[{"embeddable":true,"href":"https:\/\/www.juanvelarde26.com\/en\/wp-json\/wp\/v2\/media\/3034"}],"wp:attachment":[{"href":"https:\/\/www.juanvelarde26.com\/en\/wp-json\/wp\/v2\/media?parent=3030"}],"wp:term":[{"taxonomy":"category","embeddable":true,"href":"https:\/\/www.juanvelarde26.com\/en\/wp-json\/wp\/v2\/categories?post=3030"},{"taxonomy":"post_tag","embeddable":true,"href":"https:\/\/www.juanvelarde26.com\/en\/wp-json\/wp\/v2\/tags?post=3030"}],"curies":[{"name":"wp","href":"https:\/\/api.w.org\/{rel}","templated":true}]}}