{"id":3272,"date":"2023-11-12T07:47:00","date_gmt":"2023-11-12T07:47:00","guid":{"rendered":"http:\/\/www.juanvelarde26.com\/?p=3272"},"modified":"2025-02-17T23:13:12","modified_gmt":"2025-02-17T23:13:12","slug":"juan-velarde-participa-en-la-air-race-championship-demo-en-portugal","status":"publish","type":"post","link":"https:\/\/www.juanvelarde26.com\/en\/2023\/11\/juan-velarde-participa-en-la-air-race-championship-demo-en-portugal\/","title":{"rendered":"Juan Velarde participa en la Air Race Championship Demo en Portugal"},"content":{"rendered":"\n<figure class=\"wp-block-image size-full\"><a href=\"http:\/\/www.juanvelarde26.com\/wp-content\/uploads\/2024\/04\/juan-velarde-arc-portugal-2023-3.jpg\"><img loading=\"lazy\" width=\"900\" height=\"675\" src=\"http:\/\/www.juanvelarde26.com\/wp-content\/uploads\/2024\/04\/juan-velarde-arc-portugal-2023-3.jpg\" alt=\"\" class=\"wp-image-3277\" srcset=\"https:\/\/www.juanvelarde26.com\/wp-content\/uploads\/2024\/04\/juan-velarde-arc-portugal-2023-3.jpg 900w, https:\/\/www.juanvelarde26.com\/wp-content\/uploads\/2024\/04\/juan-velarde-arc-portugal-2023-3-300x225.jpg 300w, https:\/\/www.juanvelarde26.com\/wp-content\/uploads\/2024\/04\/juan-velarde-arc-portugal-2023-3-768x576.jpg 768w\" sizes=\"(max-width: 900px) 100vw, 900px\" \/><\/a><\/figure>\n\n\n\n<p>El pasado 11 y 12 de noviembre, <strong>Air Race Championship<\/strong> (ARC) celebr\u00f3 una exhibici\u00f3n de vuelo de velocidad en el marco del Portugal Air Summit. <strong>Juan Velarde<\/strong>, junto a otros pilotos de la Air Race como <strong>Mika Brageot<\/strong> y <strong>Nicolas Ivanoff<\/strong>, particip\u00f3 con el <strong>Zivko Edge 540<\/strong>.<\/p>\n\n\n\n<figure class=\"wp-block-embed is-type-video is-provider-youtube wp-block-embed-youtube wp-embed-aspect-16-9 wp-has-aspect-ratio\"><div class=\"wp-block-embed__wrapper\">\n<iframe loading=\"lazy\" title=\"Juan Velarde en la Air Race Championship Demo\" width=\"500\" height=\"281\" src=\"https:\/\/www.youtube.com\/embed\/cz6liV8fNq0?feature=oembed\" frameborder=\"0\" allow=\"accelerometer; autoplay; clipboard-write; encrypted-media; gyroscope; picture-in-picture; web-share\" referrerpolicy=\"strict-origin-when-cross-origin\" allowfullscreen><\/iframe>\n<\/div><\/figure>\n\n\n\n<p>La experiencia, que los aficionados pudieron disfrutar en <strong>Montargil<\/strong>, cerca de Lisboa (Portugal), fue un aut\u00e9ntico \u00e9xito y los participantes vivieron un emotivo reencuentro que evidenci\u00f3 su buena relaci\u00f3n ya desde tiempos de la Air Race. Los despegues y tomas se produjeron desde y en el Aer\u00f3dromo Municipal Ponte de Sor.<\/p>\n\n\n\n<figure class=\"wp-block-image size-full\"><a href=\"http:\/\/www.juanvelarde26.com\/wp-content\/uploads\/2024\/04\/juan-velarde-arc-portugal-2023-2.jpg\"><img loading=\"lazy\" width=\"900\" height=\"665\" src=\"http:\/\/www.juanvelarde26.com\/wp-content\/uploads\/2024\/04\/juan-velarde-arc-portugal-2023-2.jpg\" alt=\"\" class=\"wp-image-3278\" srcset=\"https:\/\/www.juanvelarde26.com\/wp-content\/uploads\/2024\/04\/juan-velarde-arc-portugal-2023-2.jpg 900w, https:\/\/www.juanvelarde26.com\/wp-content\/uploads\/2024\/04\/juan-velarde-arc-portugal-2023-2-300x222.jpg 300w, https:\/\/www.juanvelarde26.com\/wp-content\/uploads\/2024\/04\/juan-velarde-arc-portugal-2023-2-768x567.jpg 768w\" sizes=\"(max-width: 900px) 100vw, 900px\" \/><\/a><\/figure>\n","protected":false},"excerpt":{"rendered":"<p>El pasado 11 y 12 de noviembre, Air Race Championship (ARC) celebr\u00f3 una exhibici\u00f3n de vuelo de velocidad en el marco del Portugal Air Summit. Juan Velarde, junto a otros pilotos de la Air Race como Mika Brageot y Nicolas Ivanoff, particip\u00f3 con el Zivko Edge 540. La experiencia, que los aficionados pudieron disfrutar en [&hellip;]<\/p>\n","protected":false},"author":1,"featured_media":3276,"comment_status":"open","ping_status":"open","sticky":false,"template":"","format":"standard","meta":[],"categories":[10],"tags":[43,48,21,232,233,45],"_links":{"self":[{"href":"https:\/\/www.juanvelarde26.com\/en\/wp-json\/wp\/v2\/posts\/3272"}],"collection":[{"href":"https:\/\/www.juanvelarde26.com\/en\/wp-json\/wp\/v2\/posts"}],"about":[{"href":"https:\/\/www.juanvelarde26.com\/en\/wp-json\/wp\/v2\/types\/post"}],"author":[{"embeddable":true,"href":"https:\/\/www.juanvelarde26.com\/en\/wp-json\/wp\/v2\/users\/1"}],"replies":[{"embeddable":true,"href":"https:\/\/www.juanvelarde26.com\/en\/wp-json\/wp\/v2\/comments?post=3272"}],"version-history":[{"count":1,"href":"https:\/\/www.juanvelarde26.com\/en\/wp-json\/wp\/v2\/posts\/3272\/revisions"}],"predecessor-version":[{"id":3279,"href":"https:\/\/www.juanvelarde26.com\/en\/wp-json\/wp\/v2\/posts\/3272\/revisions\/3279"}],"wp:featuredmedia":[{"embeddable":true,"href":"https:\/\/www.juanvelarde26.com\/en\/wp-json\/wp\/v2\/media\/3276"}],"wp:attachment":[{"href":"https:\/\/www.juanvelarde26.com\/en\/wp-json\/wp\/v2\/media?parent=3272"}],"wp:term":[{"taxonomy":"category","embeddable":true,"href":"https:\/\/www.juanvelarde26.com\/en\/wp-json\/wp\/v2\/categories?post=3272"},{"taxonomy":"post_tag","embeddable":true,"href":"https:\/\/www.juanvelarde26.com\/en\/wp-json\/wp\/v2\/tags?post=3272"}],"curies":[{"name":"wp","href":"https:\/\/api.w.org\/{rel}","templated":true}]}}